{"id":1162,"date":"2022-02-14T14:11:33","date_gmt":"2022-02-14T17:11:33","guid":{"rendered":"https:\/\/dgp.uepa.br\/?p=1162"},"modified":"2022-02-14T15:51:17","modified_gmt":"2022-02-14T18:51:17","slug":"retorno-do-computo-do-adicional-de-tempo-de-servico-ats-para-efeito-financeiro","status":"publish","type":"post","link":"https:\/\/dgp.uepa.br\/index.php\/retorno-do-computo-do-adicional-de-tempo-de-servico-ats-para-efeito-financeiro\/","title":{"rendered":"Retorno do c\u00f4mputo do adicional de tempo de servi\u00e7o (ATS) para efeito financeiro"},"content":{"rendered":"\n<p><br>A Universidade do Estado do Par\u00e1, por meio da Pr\u00f3-reitoria de Gest\u00e3o e Planejamento e da Dire\u00e7\u00e3o de Gest\u00e3o de Pessoas, em observ\u00e2ncia \u00e0 Lei Complementar Federal n\u00ba 173, de 27 de maio de 2020 que estabeleceu o Programa Federativo de Enfrentamento ao Coronav\u00edrus SARSCoV-2 (Covid-19) e cuidou de estabelecer uma s\u00e9rie de proibi\u00e7\u00f5es, at\u00e9 31.12.2021, aos entes federativos afetados pela calamidade p\u00fablica decorrente da pandemia da Covid-19, buscando rigorosa conten\u00e7\u00e3o de gastos p\u00fablicos, vem informar \u00e0 coletividade de servidores desta IES: <\/p>\n\n\n\n<p>Ficou <strong>proibido<\/strong> o c\u00f4mputo, exclusivamente para fins de concess\u00e3o de anu\u00eanios, tri\u00eanios, quinqu\u00eanios, licen\u00e7as-pr\u00eamio e quaisquer mecanismos equivalentes que aumentem a despesa com pessoal em decorr\u00eancia da aquisi\u00e7\u00e3o de determinado tempo de servi\u00e7o, do per\u00edodo que vai da publica\u00e7\u00e3o da LC n\u00ba 173\/2020 &#8211; art. 8\u00ba, IX &#8211; (28.05.2020) at\u00e9 31.12.2021;<br><\/p>\n\n\n\n<p>\u00c9 importante salientar que o tempo de servi\u00e7o seguiu sendo considerado para efeito de efetivo exerc\u00edcio e aposentadoria; <\/p>\n\n\n\n<p>A contagem do tempo de servi\u00e7o ocorreu at\u00e9 27.05.2020, suspendendo-se em 28.05.2020 e retomou seu curso de maneira autom\u00e1tica, do ponto em que estava, a contar de 01.01.2022;<\/p>\n\n\n\n<p><br><strong>N\u00e3o \u00e9 necess\u00e1rio o servidor solicitar<\/strong> o retorno da contagem de seu ATS, visto que a mesma ocorre de forma<strong> AUTOMATICA<\/strong> em Sistema de RH do Estado (SIGIRH).<br><\/p>\n\n\n\n<p><\/p>\n\n\n\n<p>Atenciosamente,<br><strong>Neivaldo Fialho do Nascimento<\/strong><br>Diretor de Gest\u00e3o de Pessoas<br><br><\/p>\n","protected":false},"excerpt":{"rendered":"<p>A Universidade do Estado do Par\u00e1, por meio da Pr\u00f3-reitoria de Gest\u00e3o e Planejamento e da Dire\u00e7\u00e3o de Gest\u00e3o de Pessoas, em observ\u00e2ncia \u00e0 Lei Complementar Federal n\u00ba 173, de 27 de maio de 2020 que estabeleceu o Programa Federativo de Enfrentamento ao Coronav\u00edrus SARSCoV-2 (Covid-19) e cuidou de estabelecer uma s\u00e9rie de proibi\u00e7\u00f5es, at\u00e9 &hellip;<\/p>\n<p class=\"read-more\"> <a class=\"\" href=\"https:\/\/dgp.uepa.br\/index.php\/retorno-do-computo-do-adicional-de-tempo-de-servico-ats-para-efeito-financeiro\/\"> <span class=\"screen-reader-text\">Retorno do c\u00f4mputo do adicional de tempo de servi\u00e7o (ATS) para efeito financeiro<\/span> Leia mais &raquo;<\/a><\/p>\n","protected":false},"author":4,"featured_media":1165,"comment_status":"open","ping_status":"open","sticky":false,"template":"","format":"standard","meta":{"_uag_custom_page_level_css":"","site-sidebar-layout":"default","site-content-layout":"","ast-site-content-layout":"","site-content-style":"default","site-sidebar-style":"default","ast-global-header-display":"","ast-banner-title-visibility":"","ast-main-header-display":"","ast-hfb-above-header-display":"","ast-hfb-below-header-display":"","ast-hfb-mobile-header-display":"","site-post-title":"","ast-breadcrumbs-content":"","ast-featured-img":"","footer-sml-layout":"","theme-transparent-header-meta":"","adv-header-id-meta":"","stick-header-meta":"","header-above-stick-meta":"","header-main-stick-meta":"","header-below-stick-meta":"","astra-migrate-meta-layouts":"","ast-page-background-enabled":"default","ast-page-background-meta":{"desktop":{"background-color":"","background-image":"","background-repeat":"repeat","background-position":"center center","background-size":"auto","background-attachment":"scroll","background-type":"","background-media":"","overlay-type":"","overlay-color":"","overlay-gradient":""},"tablet":{"background-color":"","background-image":"","background-repeat":"repeat","background-position":"center center","background-size":"auto","background-attachment":"scroll","background-type":"","background-media":"","overlay-type":"","overlay-color":"","overlay-gradient":""},"mobile":{"background-color":"","background-image":"","background-repeat":"repeat","background-position":"center center","background-size":"auto","background-attachment":"scroll","background-type":"","background-media":"","overlay-type":"","overlay-color":"","overlay-gradient":""}},"ast-content-background-meta":{"desktop":{"background-color":"var(--ast-global-color-5)","background-image":"","background-repeat":"repeat","background-position":"center center","background-size":"auto","background-attachment":"scroll","background-type":"","background-media":"","overlay-type":"","overlay-color":"","overlay-gradient":""},"tablet":{"background-color":"var(--ast-global-color-5)","background-image":"","background-repeat":"repeat","background-position":"center center","background-size":"auto","background-attachment":"scroll","background-type":"","background-media":"","overlay-type":"","overlay-color":"","overlay-gradient":""},"mobile":{"background-color":"var(--ast-global-color-5)","background-image":"","background-repeat":"repeat","background-position":"center center","background-size":"auto","background-attachment":"scroll","background-type":"","background-media":"","overlay-type":"","overlay-color":"","overlay-gradient":""}},"footnotes":""},"categories":[13],"tags":[],"class_list":["post-1162","post","type-post","status-publish","format-standard","has-post-thumbnail","hentry","category-instrucao-funcional"],"uagb_featured_image_src":{"full":["https:\/\/dgp.uepa.br\/wp-content\/uploads\/2022\/02\/Banner-sobre-saude-geral-com-informacoes-sobre-a-vacina-com-clinica-amigavel-e-enfermeira-em-laranja-e-marrom-7.png",6912,3456,false],"thumbnail":["https:\/\/dgp.uepa.br\/wp-content\/uploads\/2022\/02\/Banner-sobre-saude-geral-com-informacoes-sobre-a-vacina-com-clinica-amigavel-e-enfermeira-em-laranja-e-marrom-7-150x150.png",150,150,true],"medium":["https:\/\/dgp.uepa.br\/wp-content\/uploads\/2022\/02\/Banner-sobre-saude-geral-com-informacoes-sobre-a-vacina-com-clinica-amigavel-e-enfermeira-em-laranja-e-marrom-7-300x150.png",300,150,true],"medium_large":["https:\/\/dgp.uepa.br\/wp-content\/uploads\/2022\/02\/Banner-sobre-saude-geral-com-informacoes-sobre-a-vacina-com-clinica-amigavel-e-enfermeira-em-laranja-e-marrom-7-768x384.png",768,384,true],"large":["https:\/\/dgp.uepa.br\/wp-content\/uploads\/2022\/02\/Banner-sobre-saude-geral-com-informacoes-sobre-a-vacina-com-clinica-amigavel-e-enfermeira-em-laranja-e-marrom-7-1024x512.png",1024,512,true],"1536x1536":["https:\/\/dgp.uepa.br\/wp-content\/uploads\/2022\/02\/Banner-sobre-saude-geral-com-informacoes-sobre-a-vacina-com-clinica-amigavel-e-enfermeira-em-laranja-e-marrom-7-1536x768.png",1536,768,true],"2048x2048":["https:\/\/dgp.uepa.br\/wp-content\/uploads\/2022\/02\/Banner-sobre-saude-geral-com-informacoes-sobre-a-vacina-com-clinica-amigavel-e-enfermeira-em-laranja-e-marrom-7-2048x1024.png",2048,1024,true]},"uagb_author_info":{"display_name":"Viktor","author_link":"https:\/\/dgp.uepa.br\/index.php\/author\/viktor\/"},"uagb_comment_info":3,"uagb_excerpt":"A Universidade do Estado do Par\u00e1, por meio da Pr\u00f3-reitoria de Gest\u00e3o e Planejamento e da Dire\u00e7\u00e3o de Gest\u00e3o de Pessoas, em observ\u00e2ncia \u00e0 Lei Complementar Federal n\u00ba 173, de 27 de maio de 2020 que estabeleceu o Programa Federativo de Enfrentamento ao Coronav\u00edrus SARSCoV-2 (Covid-19) e cuidou de estabelecer uma s\u00e9rie de proibi\u00e7\u00f5es, at\u00e9&hellip;","_links":{"self":[{"href":"https:\/\/dgp.uepa.br\/index.php\/wp-json\/wp\/v2\/posts\/1162","targetHints":{"allow":["GET"]}}],"collection":[{"href":"https:\/\/dgp.uepa.br\/index.php\/wp-json\/wp\/v2\/posts"}],"about":[{"href":"https:\/\/dgp.uepa.br\/index.php\/wp-json\/wp\/v2\/types\/post"}],"author":[{"embeddable":true,"href":"https:\/\/dgp.uepa.br\/index.php\/wp-json\/wp\/v2\/users\/4"}],"replies":[{"embeddable":true,"href":"https:\/\/dgp.uepa.br\/index.php\/wp-json\/wp\/v2\/comments?post=1162"}],"version-history":[{"count":1,"href":"https:\/\/dgp.uepa.br\/index.php\/wp-json\/wp\/v2\/posts\/1162\/revisions"}],"predecessor-version":[{"id":1166,"href":"https:\/\/dgp.uepa.br\/index.php\/wp-json\/wp\/v2\/posts\/1162\/revisions\/1166"}],"wp:featuredmedia":[{"embeddable":true,"href":"https:\/\/dgp.uepa.br\/index.php\/wp-json\/wp\/v2\/media\/1165"}],"wp:attachment":[{"href":"https:\/\/dgp.uepa.br\/index.php\/wp-json\/wp\/v2\/media?parent=1162"}],"wp:term":[{"taxonomy":"category","embeddable":true,"href":"https:\/\/dgp.uepa.br\/index.php\/wp-json\/wp\/v2\/categories?post=1162"},{"taxonomy":"post_tag","embeddable":true,"href":"https:\/\/dgp.uepa.br\/index.php\/wp-json\/wp\/v2\/tags?post=1162"}],"curies":[{"name":"wp","href":"https:\/\/api.w.org\/{rel}","templated":true}]}}