{"id":1348,"date":"2022-04-25T12:27:38","date_gmt":"2022-04-25T15:27:38","guid":{"rendered":"https:\/\/dgp.uepa.br\/?p=1348"},"modified":"2022-04-25T14:45:03","modified_gmt":"2022-04-25T17:45:03","slug":"ferias","status":"publish","type":"post","link":"https:\/\/dgp.uepa.br\/index.php\/ferias\/","title":{"rendered":"F\u00c9RIAS"},"content":{"rendered":"\n<p class=\"has-text-align-center\"><strong>ORIENTA\u00c7\u00d3ES GERAIS SOBRE PEDIDO\/REGISTRO DE F\u00c9RIAS<br>DEFINI\u00c7\u00c3O<\/strong><\/p>\n\n\n\n<p><br>\u00c9 o per\u00edodo de descanso concedido ao servidor com dura\u00e7\u00e3o prevista de 30 (trinta) dias, sem preju\u00edzo da remunera\u00e7\u00e3o, depois de cumprido um per\u00edodo de doze meses (regra geral) de efetivo exerc\u00edcio do cargo\/fun\u00e7\u00e3o.<\/p>\n\n\n\n<p><br>Fundamenta\u00e7\u00e3o Legal: Arts. 74 a 76 da Lei n\u00ba 5.810\/94<\/p>\n\n\n\n<p><br><strong>REMUNERA\u00c7\u00c3O<\/strong><\/p>\n\n\n\n<p><br>As f\u00e9rias ser\u00e3o remuneradas com um ter\u00e7o a mais da remunera\u00e7\u00e3o normal do servidor, pagas antecipadamente, uma \u00fanica vez.<\/p>\n\n\n\n<p><br><strong>INFORMA\u00c7\u00d5ES GERAIS:<\/strong><\/p>\n\n\n\n<p><strong>DA RESPONSABILIDADE:<\/strong> \u00c9 de responsabilidade\/gest\u00e3o da Chefia imediata \u00e0 organiza\u00e7\u00e3o do Planejamento Anual de F\u00e9rias e fazer cumprir a Programa\u00e7\u00e3o do m\u00eas estipulado pelo servidor, evitando ac\u00famulo de USUFRUTO sem fundamento legal.<\/p>\n\n\n\n<p><br><strong>DO AC\u00daMULO:<\/strong> N\u00e3o existe uma orienta\u00e7\u00e3o em que o exerc\u00edcio de Cargo Comissionado impe\u00e7a o USUFRUTO das f\u00e9rias, cabendo indica\u00e7\u00e3o de substitui\u00e7\u00e3o para Titular em gozo de f\u00e9rias.<\/p>\n\n\n\n<p><br><strong>DA POSSIBILIDADE DE INTERRUP\u00c7\u00c3O DAS F\u00c9RIAS:<\/strong> Concedidas as f\u00e9rias, n\u00e3o poder\u00e3o as mesmas ser interrompidas, salvo por motivo de calamidade p\u00fablica, como\u00e7\u00e3o interna, convoca\u00e7\u00e3o para j\u00fari, servi\u00e7o militar ou eleitoral, ou por motivo de superior interesse p\u00fablico\u2026 (Art. 74; \u00a7 2\u00b0 lei 5810\/94)<\/p>\n\n\n\n<p><br><strong>DOS PRAZOS: <\/strong>O prazo estabelecido por esta DGP para marca\u00e7\u00e3o e\/ou altera\u00e7\u00e3o de f\u00e9rias tem que ser rigorosamente cumprido, pois seguimos um Cronograma de Manuten\u00e7\u00e3o, com prazo para inclus\u00e3o\/altera\u00e7\u00e3o, estabelecido pela SEPLAD.<\/p>\n\n\n\n<p><br><strong>DA ALTERA\u00c7\u00c3O NO M\u00caS DE F\u00c9RIAS:<\/strong> O servidor, em comum acordo com a chefia imediata, dever\u00e1 protocolar o seu pedido com a anteced\u00eancia m\u00ednima de 60 dias da data indicada anteriormente para in\u00edcio das f\u00e9rias.<\/p>\n\n\n\n<p><br><strong>DO FRACIONAMENTO DE F\u00c9RIAS:<\/strong> As f\u00e9rias poder\u00e3o ser fracionadas em 2 (duas) etapas, desde que requeridas pelo servidor e no interesse da Administra\u00e7\u00e3o P\u00fablica (Art. 2\u00ba; Decreto n\u00ba 1.462\/2021).<br>O primeiro per\u00edodo do fracionamento das f\u00e9rias n\u00e3o poder\u00e1 ser inferior a 10 (dez) dias de gozo (Art. 2\u00ba; \u00a7 2\u00ba; Decreto n\u00ba 1.462\/2021)<\/p>\n\n\n\n<p><\/p>\n\n\n\n<p>No caso de solicita\u00e7\u00e3o de fracionamento de F\u00e9rias destaca-se que:<br>Os 2 (dois) Per\u00edodos elegidos para o USUFRUTO devem ser encaminhados de uma<br>\u00fanica vez na Planilha de F\u00e9rias.<br>O servidor receber\u00e1 o valor do adicional de F\u00e9rias, quando da concess\u00e3o do primeiro<br>per\u00edodo.<br>A solicita\u00e7\u00e3o de altera\u00e7\u00e3o dos Per\u00edodos fracionados de F\u00e9rias, lan\u00e7ados no SIGIRH, s\u00f3<br>poder\u00e1 ocorrer com a anteced\u00eancia m\u00ednima de 60 dias antes do gozo do primeiro<br>per\u00edodo. Uma vez gozado o 1o (primeiro) per\u00edodo fracionado das f\u00e9rias, os demais per\u00edodos<br>n\u00e3o poder\u00e3o ser alterados. A altera\u00e7\u00e3o s\u00f3 poder\u00e1 ocorrer antes do gozo do primeiro<br>per\u00edodo.<\/p>\n\n\n\n<p><strong>REQUISITOS B\u00c1SICOS:<\/strong><br>Depois de completado o primeiro per\u00edodo aquisitivo, ou seja, depois de 12 (doze) meses<br>de efetivo exerc\u00edcio.<\/p>\n\n\n\n<p><strong>COMO SOLICITAR:<\/strong><br>A Programa\u00e7\u00e3o Anual de F\u00e9rias, do referido Departamento \/ N\u00facleo \/ Coordena\u00e7\u00e3o de lota\u00e7\u00e3o do servidor, dever\u00e1 ser encaminhada \u00e0 DGP, via Processo Administrativo Eletr\u00f4nico \u2013 PAE, com Planilha de F\u00e9rias devidamente preenchida (MATR\u00cdCULA,V\u00cdNCULO, NOME, AQUISITIVO), e assinada pela chefia imediata, evitando erros e rasuras,<\/p>\n\n\n\n<p><br><strong>ALERTA:<\/strong> Em aten\u00e7\u00e3o ao fechamento antecipado da folha de pagamento de final de ano, a PLANILHA ANUAL DE F\u00c9RIAS deve ser recebida por esta DGP, sem exce\u00e7\u00e3o, at\u00e9 o dia 05 de novembro de cada ano, em virtude do prazo para lan\u00e7amento das f\u00e9rias de JANEIRO.<br>O prazo para marca\u00e7\u00e3o do gozo e altera\u00e7\u00e3o de f\u00e9rias tem que ser rigorosamente cumprido, de acordo com o Memorando Circular enviado anualmente.<\/p>\n\n\n\n<ul class=\"wp-block-list\"><li><strong>ATIVIDADES DO SETOR DE F\u00c9RIAS:<\/strong><\/li><li> Lan\u00e7amento e altera\u00e7\u00f5es de F\u00e9rias de todos os servidores T\u00e9cnicos,<\/li><li>Administrativos e Docentes Efetivos e Tempor\u00e1rios.<\/li><li>Elabora\u00e7\u00e3o mensal da Portaria de F\u00e9rias de todos os servidores Efetivos e<\/li><li>Tempor\u00e1rios.<\/li><li>Elabora\u00e7\u00e3o do Memorando Circular, com todas as orienta\u00e7\u00f5es t\u00e9cnicas, prazos, marca\u00e7\u00e3o e reprograma\u00e7\u00e3o de F\u00e9rias, enviado e atualizado anualmente.<\/li><li>Registro no SIGIRH da Licen\u00e7a Pr\u00eamio dos servidores T\u00e9cnicos, Administrativos e Docentes.<\/li><li>Manuten\u00e7\u00e3o da Indeniza\u00e7\u00e3o de F\u00e9rias de todos os servidores Efetivos e Tempor\u00e1rios vacados.<\/li><\/ul>\n\n\n\n<p class=\"has-text-align-center\"><strong>ORIENTA\u00c7\u00c3O T\u00c9CNICA SOBRE PEDIDO\/REGISTRO DE F\u00c9RIAS<\/strong><\/p>\n\n\n\n<p>Estamos encaminhando a V.S\u00aa. a Orienta\u00e7\u00e3o T\u00e9cnica e o Modelo de Planilha de Quadro Geral de<br>Servidores lotados nesse Departamento \/ N\u00facleo \/ Coordena\u00e7\u00e3o, para informar sobre as F\u00e9rias relativas ao ANO de 2022.<br>Comunicamos que este Processo Administrativo Eletr\u00f4nico \u2013 PAE dever\u00e1 retornar a DGP com Planilha<br>de F\u00e9rias do referido setor, devidamente preenchida (MATR\u00cdCULA, V\u00cdNCULO, NOME,<br>AQUISITIVO), e assinada pela chefia imediata, evitando erros e rasuras, at\u00e9 o dia 05\/11\/2021, em virtude<br>do lan\u00e7amento das f\u00e9rias de JANEIRO 2022.<br>Solicitamos que sejam observados os itens abaixo:<\/p>\n\n\n\n<ol class=\"wp-block-list\"><li>Per\u00edodo Aquisitivo: a contagem de tempo necess\u00e1ria \u00e0 concess\u00e3o do direito.<\/li><li>Per\u00edodo Concessivo: As f\u00e9rias devem ser concedidas dentro dos 12 meses subsequentes \u00e0 aquisi\u00e7\u00e3o<br>do direito, per\u00edodo este chamado de &#8220;concessivo&#8221;.<\/li><li>O servidor que retornar de afastamento n\u00e3o remunerado, somente poder\u00e1 usufruir f\u00e9rias depois de<br>completado um novo per\u00edodo aquisitivo, ou seja, ap\u00f3s 12 (doze) meses de efetivo exerc\u00edcio.<\/li><li>Aplica-se o disposto previsto no par\u00e1grafo anterior para o servidor que tiver aposentadoria<br>revertida.<\/li><li>O usufruto de f\u00e9rias est\u00e1 vinculado \u00e0 exist\u00eancia do per\u00edodo aquisitivo completo e sujeito ao respectivo<br>acr\u00e9scimo de um ter\u00e7o na remunera\u00e7\u00e3o normalmente percebida no m\u00eas anterior ao in\u00edcio das mesmas.<\/li><li>O servidor gozar\u00e1 anualmente 30 (trinta) dias corridos de f\u00e9rias, sendo facultado o gozo dessas em 2<br>(dois) per\u00edodos, n\u00e3o inferiores a 10 (dez) dias consecutivos, sendo que o interst\u00edcio entre os per\u00edodos<br>dever\u00e1 conter necessariamente dias trabalhados.<\/li><li>Por ocasi\u00e3o das f\u00e9rias ser\u00e1 pago ao servidor, independente de solicita\u00e7\u00e3o, o acr\u00e9scimo constitucional<br>de 1\/3 (um ter\u00e7o) da remunera\u00e7\u00e3o do per\u00edodo de f\u00e9rias sendo aplicado no primeiro per\u00edodo.<\/li><li>O servidor ocupante de cargo em comiss\u00e3o sem v\u00ednculo efetivo ou ocupante apenas de fun\u00e7\u00e3o<br>comissionada no Poder Executivo, somente poder\u00e1 usufruir f\u00e9rias depois de completado o primeiro<br>per\u00edodo aquisitivo, ou seja, depois de 12 (doze) meses de efetivo exerc\u00edcio a partir da data de<br>nomea\u00e7\u00e3o.<\/li><li>Aplicam-se, ao membro do Corpo Tempor\u00e1rio, as regras de concess\u00e3o de f\u00e9rias estabelecidas ao<br>servidor efetivo do Poder Executivo, sendo par\u00e2metro de concess\u00e3o do direito a data de in\u00edcio da<br>contrata\u00e7\u00e3o. Tal disposto faz refer\u00eancia ao primeiro per\u00edodo aquisitivo de f\u00e9rias, sendo o \u00faltimo, pago<br>como indeniza\u00e7\u00e3o de f\u00e9rias, em folha de desligados, com calend\u00e1rio a ser definido pela Secretaria de<br>Planejamento e Administra\u00e7\u00e3o do Estado do Par\u00e1 \u2013 SEPLAD.<\/li><li>Ficam contingenciadas as cria\u00e7\u00f5es protocolares de novos processos junto ao PAE de retifica\u00e7\u00e3o de<br>per\u00edodos concessivos de f\u00e9rias, sendo as mesmas informadas pelo servidor \u00e0 chefia imediata e as<br>Coordenadorias Administrativas dos campis e por estas \u00e1 DGP, com anteced\u00eancia m\u00ednima de 60 dias<br>(\u00fateis) da data indicada anteriormente para in\u00edcio das f\u00e9rias, para possibilitar acertos funcionais e<br>financeiros no SIGIRH.<\/li><li>As mudan\u00e7as de per\u00edodos concessivos de f\u00e9rias somente ser\u00e3o permitidas em raz\u00e3o de casos<br>excepcionais, tais como assuntos de cunho intimamente pessoais, como falecimentos, doen\u00e7as ou de acordo com o interesse da administra\u00e7\u00e3o, ficando o abono constitucional devido a ser pago na folha do m\u00eas anterior ao apontado na planilha de f\u00e9rias encaminhada \u00e0 DGP.<\/li><\/ol>\n\n\n\n<ol class=\"wp-block-list\" start=\"12\"><li>Afastamentos, nomea\u00e7\u00f5es de D.A.S e substitui\u00e7\u00f5es dever\u00e3o ser precedidos de consulta ao<br>registro de f\u00e9rias dos servidores, evitando assim concomit\u00e2ncia nos per\u00edodos, bem como a devolu\u00e7\u00e3o do adicional de f\u00e9rias recebido.<\/li><li>Em casos de servidor com dois v\u00ednculos ativos e pagos por esta Universidade, ambos dever\u00e3o constar na Planilha de F\u00e9rias.<\/li><li>As f\u00e9rias coletivas dos docentes ser\u00e3o usufru\u00eddas no m\u00eas de julho, percebendo o adicional devido,<br>desde que o per\u00edodo aquisitivo esteja fechado, neste caso, a saber, normalmente at\u00e9 30 de junho do ano em curso. Os demais docentes receber\u00e3o o abono constitucional ao completar seu per\u00edodo aquisitivo.<\/li><li>A mudan\u00e7a de per\u00edodo concessivo de f\u00e9rias do pessoal docente, somente ser\u00e1 permitida em raz\u00e3o<br>de casos excepcionais e dever\u00e1 ser solicitada pelo servidor ao respectivo Departamento de lota\u00e7\u00e3o, e<br>por este \u00e0 DGP. Os docentes em exerc\u00edcio nos Campi da Interioriza\u00e7\u00e3o dever\u00e3o solicitar a mudan\u00e7a junto \u00e0 Coordenadoria do Campus, e esta dever\u00e1 informar ao respectivo Departamento de lota\u00e7\u00e3o do docente.<\/li><\/ol>\n\n\n\n<ol class=\"wp-block-list\" start=\"12\"><li>O per\u00edodo de usufruto de f\u00e9rias do pessoal t\u00e9cnico-administrativo e operacional dever\u00e1 ser<br>estabelecido em conjunto com a chefia imediata, de modo a n\u00e3o acarretar preju\u00edzos aos setores da<br>universidade. O Sistema efetuar\u00e1 o pagamento do adicional de f\u00e9rias no m\u00eas imediatamente anterior ao usufruto das mesmas, devidamente informadas na planilha.<\/li><li>Atrasos eventuais no envio das mesmas dever\u00e3o ser imediatamente comunicados \u00e1 DGP, para a<br>ado\u00e7\u00e3o das provid\u00eancias necess\u00e1rias visando \u00e0 resolu\u00e7\u00e3o das poss\u00edveis pend\u00eancias existentes.<\/li><li>A negativa quanto \u00e0 comunica\u00e7\u00e3o ou o n\u00e3o envio das planilhas at\u00e9 a data limite ser\u00e3o participados<br>pela DGP \u00e1 PROGESP, para os devidos encaminhamentos.<\/li><\/ol>\n\n\n\n<div class=\"wp-block-group is-layout-flow wp-block-group-is-layout-flow\">\n<div class=\"wp-block-file aligncenter\"><a id=\"wp-block-file--media-60d76de6-56ed-4352-b319-d8023bbcb84a\" href=\"https:\/\/dgp.uepa.br\/wp-content\/uploads\/2022\/04\/MODELO-PLANILHA-DE-FERIAS-2022.xls\">MODELO-PLANILHA-DE-FERIAS-2022<\/a><a href=\"https:\/\/dgp.uepa.br\/wp-content\/uploads\/2022\/04\/MODELO-PLANILHA-DE-FERIAS-2022.xls\" class=\"wp-block-file__button\" download aria-describedby=\"wp-block-file--media-60d76de6-56ed-4352-b319-d8023bbcb84a\">Baixar<\/a><\/div>\n<\/div>\n\n\n\n<p><\/p>\n\n\n\n<p class=\"has-text-align-center\"><strong>Ellen Rodrigues<br>Diretoria de Gest\u00e3o de Pessoas<br>Agente Administrativo Respons\u00e1vel do GT F\u00e9rias<\/strong><\/p>\n","protected":false},"excerpt":{"rendered":"<p>ORIENTA\u00c7\u00d3ES GERAIS SOBRE PEDIDO\/REGISTRO DE F\u00c9RIASDEFINI\u00c7\u00c3O \u00c9 o per\u00edodo de descanso concedido ao servidor com dura\u00e7\u00e3o prevista de 30 (trinta) dias, sem preju\u00edzo da remunera\u00e7\u00e3o, depois de cumprido um per\u00edodo de doze meses (regra geral) de efetivo exerc\u00edcio do cargo\/fun\u00e7\u00e3o. Fundamenta\u00e7\u00e3o Legal: Arts. 74 a 76 da Lei n\u00ba 5.810\/94 REMUNERA\u00c7\u00c3O As f\u00e9rias ser\u00e3o remuneradas &hellip;<\/p>\n<p class=\"read-more\"> <a class=\"\" href=\"https:\/\/dgp.uepa.br\/index.php\/ferias\/\"> <span class=\"screen-reader-text\">F\u00c9RIAS<\/span> Leia mais &raquo;<\/a><\/p>\n","protected":false},"author":4,"featured_media":1349,"comment_status":"open","ping_status":"open","sticky":false,"template":"","format":"standard","meta":{"_uag_custom_page_level_css":"","site-sidebar-layout":"default","site-content-layout":"","ast-site-content-layout":"","site-content-style":"default","site-sidebar-style":"default","ast-global-header-display":"","ast-banner-title-visibility":"","ast-main-header-display":"","ast-hfb-above-header-display":"","ast-hfb-below-header-display":"","ast-hfb-mobile-header-display":"","site-post-title":"","ast-breadcrumbs-content":"","ast-featured-img":"","footer-sml-layout":"","theme-transparent-header-meta":"","adv-header-id-meta":"","stick-header-meta":"","header-above-stick-meta":"","header-main-stick-meta":"","header-below-stick-meta":"","astra-migrate-meta-layouts":"","ast-page-background-enabled":"default","ast-page-background-meta":{"desktop":{"background-color":"","background-image":"","background-repeat":"repeat","background-position":"center center","background-size":"auto","background-attachment":"scroll","background-type":"","background-media":"","overlay-type":"","overlay-color":"","overlay-gradient":""},"tablet":{"background-color":"","background-image":"","background-repeat":"repeat","background-position":"center center","background-size":"auto","background-attachment":"scroll","background-type":"","background-media":"","overlay-type":"","overlay-color":"","overlay-gradient":""},"mobile":{"background-color":"","background-image":"","background-repeat":"repeat","background-position":"center center","background-size":"auto","background-attachment":"scroll","background-type":"","background-media":"","overlay-type":"","overlay-color":"","overlay-gradient":""}},"ast-content-background-meta":{"desktop":{"background-color":"var(--ast-global-color-5)","background-image":"","background-repeat":"repeat","background-position":"center center","background-size":"auto","background-attachment":"scroll","background-type":"","background-media":"","overlay-type":"","overlay-color":"","overlay-gradient":""},"tablet":{"background-color":"var(--ast-global-color-5)","background-image":"","background-repeat":"repeat","background-position":"center center","background-size":"auto","background-attachment":"scroll","background-type":"","background-media":"","overlay-type":"","overlay-color":"","overlay-gradient":""},"mobile":{"background-color":"var(--ast-global-color-5)","background-image":"","background-repeat":"repeat","background-position":"center center","background-size":"auto","background-attachment":"scroll","background-type":"","background-media":"","overlay-type":"","overlay-color":"","overlay-gradient":""}},"footnotes":""},"categories":[15],"tags":[],"class_list":["post-1348","post","type-post","status-publish","format-standard","has-post-thumbnail","hentry","category-ferias"],"uagb_featured_image_src":{"full":["https:\/\/dgp.uepa.br\/wp-content\/uploads\/2022\/04\/QUALIDADE-DE-VIDA-11.png",1920,1080,false],"thumbnail":["https:\/\/dgp.uepa.br\/wp-content\/uploads\/2022\/04\/QUALIDADE-DE-VIDA-11-150x150.png",150,150,true],"medium":["https:\/\/dgp.uepa.br\/wp-content\/uploads\/2022\/04\/QUALIDADE-DE-VIDA-11-300x169.png",300,169,true],"medium_large":["https:\/\/dgp.uepa.br\/wp-content\/uploads\/2022\/04\/QUALIDADE-DE-VIDA-11-768x432.png",768,432,true],"large":["https:\/\/dgp.uepa.br\/wp-content\/uploads\/2022\/04\/QUALIDADE-DE-VIDA-11-1024x576.png",1024,576,true],"1536x1536":["https:\/\/dgp.uepa.br\/wp-content\/uploads\/2022\/04\/QUALIDADE-DE-VIDA-11-1536x864.png",1536,864,true],"2048x2048":["https:\/\/dgp.uepa.br\/wp-content\/uploads\/2022\/04\/QUALIDADE-DE-VIDA-11.png",1920,1080,false]},"uagb_author_info":{"display_name":"Viktor","author_link":"https:\/\/dgp.uepa.br\/index.php\/author\/viktor\/"},"uagb_comment_info":1,"uagb_excerpt":"ORIENTA\u00c7\u00d3ES GERAIS SOBRE PEDIDO\/REGISTRO DE F\u00c9RIASDEFINI\u00c7\u00c3O \u00c9 o per\u00edodo de descanso concedido ao servidor com dura\u00e7\u00e3o prevista de 30 (trinta) dias, sem preju\u00edzo da remunera\u00e7\u00e3o, depois de cumprido um per\u00edodo de doze meses (regra geral) de efetivo exerc\u00edcio do cargo\/fun\u00e7\u00e3o. Fundamenta\u00e7\u00e3o Legal: Arts. 74 a 76 da Lei n\u00ba 5.810\/94 REMUNERA\u00c7\u00c3O As f\u00e9rias ser\u00e3o remuneradas&hellip;","_links":{"self":[{"href":"https:\/\/dgp.uepa.br\/index.php\/wp-json\/wp\/v2\/posts\/1348","targetHints":{"allow":["GET"]}}],"collection":[{"href":"https:\/\/dgp.uepa.br\/index.php\/wp-json\/wp\/v2\/posts"}],"about":[{"href":"https:\/\/dgp.uepa.br\/index.php\/wp-json\/wp\/v2\/types\/post"}],"author":[{"embeddable":true,"href":"https:\/\/dgp.uepa.br\/index.php\/wp-json\/wp\/v2\/users\/4"}],"replies":[{"embeddable":true,"href":"https:\/\/dgp.uepa.br\/index.php\/wp-json\/wp\/v2\/comments?post=1348"}],"version-history":[{"count":4,"href":"https:\/\/dgp.uepa.br\/index.php\/wp-json\/wp\/v2\/posts\/1348\/revisions"}],"predecessor-version":[{"id":3806,"href":"https:\/\/dgp.uepa.br\/index.php\/wp-json\/wp\/v2\/posts\/1348\/revisions\/3806"}],"wp:featuredmedia":[{"embeddable":true,"href":"https:\/\/dgp.uepa.br\/index.php\/wp-json\/wp\/v2\/media\/1349"}],"wp:attachment":[{"href":"https:\/\/dgp.uepa.br\/index.php\/wp-json\/wp\/v2\/media?parent=1348"}],"wp:term":[{"taxonomy":"category","embeddable":true,"href":"https:\/\/dgp.uepa.br\/index.php\/wp-json\/wp\/v2\/categories?post=1348"},{"taxonomy":"post_tag","embeddable":true,"href":"https:\/\/dgp.uepa.br\/index.php\/wp-json\/wp\/v2\/tags?post=1348"}],"curies":[{"name":"wp","href":"https:\/\/api.w.org\/{rel}","templated":true}]}}